{"id":13418,"date":"2026-04-27T23:13:49","date_gmt":"2026-04-27T21:13:49","guid":{"rendered":"https:\/\/ditib-chorweiler.de\/?p=13418"},"modified":"2026-04-27T23:13:49","modified_gmt":"2026-04-27T21:13:49","slug":"birlik-inanc-ve-gelecek-strazburg-genclik-kampi","status":"publish","type":"post","link":"https:\/\/ditib-chorweiler.de\/tr\/birlik-inanc-ve-gelecek-strazburg-genclik-kampi\/","title":{"rendered":"Birlik, \u0130nan\u00e7 ve Gelecek \u2013 Strazburg Gen\u00e7lik Kamp\u0131"},"content":{"rendered":"<p data-start=\"209\" data-end=\"349\"><img decoding=\"async\" class=\" wp-image-13419 aligncenter\" src=\"https:\/\/ditib-chorweiler.de\/wp-content\/uploads\/2026\/04\/WhatsApp-Image-2026-04-27-at-13.01.42-1-300x169.jpeg\" alt=\"\" width=\"657\" height=\"370\" srcset=\"https:\/\/ditib-chorweiler.de\/wp-content\/uploads\/2026\/04\/WhatsApp-Image-2026-04-27-at-13.01.42-1-200x113.jpeg 200w, https:\/\/ditib-chorweiler.de\/wp-content\/uploads\/2026\/04\/WhatsApp-Image-2026-04-27-at-13.01.42-1-300x169.jpeg 300w, https:\/\/ditib-chorweiler.de\/wp-content\/uploads\/2026\/04\/WhatsApp-Image-2026-04-27-at-13.01.42-1-400x225.jpeg 400w, https:\/\/ditib-chorweiler.de\/wp-content\/uploads\/2026\/04\/WhatsApp-Image-2026-04-27-at-13.01.42-1-600x338.jpeg 600w, https:\/\/ditib-chorweiler.de\/wp-content\/uploads\/2026\/04\/WhatsApp-Image-2026-04-27-at-13.01.42-1-768x432.jpeg 768w, https:\/\/ditib-chorweiler.de\/wp-content\/uploads\/2026\/04\/WhatsApp-Image-2026-04-27-at-13.01.42-1-800x450.jpeg 800w, https:\/\/ditib-chorweiler.de\/wp-content\/uploads\/2026\/04\/WhatsApp-Image-2026-04-27-at-13.01.42-1-1024x577.jpeg 1024w, https:\/\/ditib-chorweiler.de\/wp-content\/uploads\/2026\/04\/WhatsApp-Image-2026-04-27-at-13.01.42-1-1200x676.jpeg 1200w, https:\/\/ditib-chorweiler.de\/wp-content\/uploads\/2026\/04\/WhatsApp-Image-2026-04-27-at-13.01.42-1-1536x865.jpeg 1536w\" sizes=\"(max-width: 657px) 100vw, 657px\" \/><\/p>\n<p data-start=\"209\" data-end=\"349\">DITIB Chorweiler Camii Gen\u00e7lik Kolu, Strazburg\u2019da d\u00fczenlenen hafta sonu kamp\u0131na kat\u0131larak gen\u00e7lik \u00e7al\u0131\u015fmalar\u0131n\u0131n geli\u015ftirilmesine odakland\u0131.<\/p>\n<p data-start=\"351\" data-end=\"929\">Program\u0131n en \u00f6nemli b\u00f6l\u00fcm\u00fcn\u00fc, gen\u00e7li\u011fin gelece\u011fine y\u00f6nelik ger\u00e7ekle\u015ftirilen at\u00f6lye \u00e7al\u0131\u015fmas\u0131 olu\u015fturdu. Bu kapsamda mevcut yap\u0131, imk\u00e2nlar ve kar\u015f\u0131la\u015f\u0131lan zorluklar detayl\u0131 \u015fekilde analiz edildi. G\u00f6rev da\u011f\u0131l\u0131m\u0131, ileti\u015fim ve fikirlerin hayata ge\u00e7irilmesi gibi konular ele al\u0131nd\u0131. Ard\u0131ndan, daha net rol da\u011f\u0131l\u0131m\u0131, d\u00fczenli toplant\u0131lar, planl\u0131 i\u015fleyi\u015f ve sohbetlerin (sohbet programlar\u0131n\u0131n) i\u00e7erik kalitesinin art\u0131r\u0131lmas\u0131 gibi somut \u00e7\u00f6z\u00fcm \u00f6nerileri geli\u015ftirildi. Ama\u00e7, mevcut potansiyelin daha verimli kullan\u0131lmas\u0131 ve gen\u00e7lik \u00e7al\u0131\u015fmalar\u0131n\u0131n s\u00fcrd\u00fcr\u00fclebilir \u015fekilde g\u00fc\u00e7lendirilmesidir.<\/p>\n<p data-start=\"931\" data-end=\"1205\">At\u00f6lye \u00e7al\u0131\u015fmas\u0131n\u0131n yan\u0131 s\u0131ra kamp program\u0131; birlikte k\u0131l\u0131nan namazlar, ortak haz\u0131rlanan yemekler ve Strazburg \u015fehir merkezine yap\u0131lan gezi ile zenginle\u015ftirildi. Bu sayede kat\u0131l\u0131mc\u0131lar hem birlikte vakit ge\u00e7irme imk\u00e2n\u0131 buldu hem de birlik ve beraberlik duygusu peki\u015ftirildi.<\/p>\n<p data-start=\"1207\" data-end=\"1415\">Program ayr\u0131ca <span class=\"hover:entity-accent entity-underline inline cursor-pointer align-baseline\"><span class=\"whitespace-normal\">Murat Oruc<\/span><\/span> taraf\u0131ndan ger\u00e7ekle\u015ftirilen ilham verici bir sunum ile desteklendi. Bu sunum, kat\u0131l\u0131mc\u0131lara ki\u015fisel ve toplumsal geli\u015fim a\u00e7\u0131s\u0131ndan \u00f6nemli katk\u0131lar sa\u011flad\u0131.<\/p>\n<p data-start=\"1417\" data-end=\"1547\">Bu kamp, topluluk ruhu, fikir al\u0131\u015fveri\u015fi ve gelece\u011fe y\u00f6nelik somut ad\u0131mlar\u0131n bir araya geldi\u011fi verimli bir s\u00fcre\u00e7 olarak \u00f6ne \u00e7\u0131kt\u0131.<\/p>\n","protected":false},"excerpt":{"rendered":"<p>DITIB Chorweiler Camii Gen\u00e7lik Kolu, Strazburg\u2019da d\u00fczenlenen hafta sonu kamp\u0131na  [&#8230;]<\/p>\n","protected":false},"author":5,"featured_media":13414,"comment_status":"closed","ping_status":"closed","sticky":false,"template":"","format":"standard","meta":{"_acf_changed":false,"footnotes":""},"categories":[209],"tags":[],"class_list":["post-13418","post","type-post","status-publish","format-standard","has-post-thumbnail","hentry","category-genclik"],"acf":[],"yoast_head":"<!-- This site is optimized with the Yoast SEO plugin v27.3 - https:\/\/yoast.com\/product\/yoast-seo-wordpress\/ -->\n<title>Birlik, \u0130nan\u00e7 ve Gelecek \u2013 Strazburg Gen\u00e7lik Kamp\u0131 - DITIB K\u00f6ln Chorweiler Moschee<\/title>\n<meta name=\"robots\" content=\"index, follow, max-snippet:-1, max-image-preview:large, max-video-preview:-1\" \/>\n<link rel=\"canonical\" href=\"https:\/\/ditib-chorweiler.de\/tr\/birlik-inanc-ve-gelecek-strazburg-genclik-kampi\/\" \/>\n<meta property=\"og:locale\" content=\"tr_TR\" \/>\n<meta property=\"og:type\" content=\"article\" \/>\n<meta property=\"og:title\" content=\"Birlik, \u0130nan\u00e7 ve Gelecek \u2013 Strazburg Gen\u00e7lik Kamp\u0131 - DITIB K\u00f6ln Chorweiler Moschee\" \/>\n<meta property=\"og:description\" content=\"DITIB Chorweiler Camii Gen\u00e7lik Kolu, Strazburg\u2019da d\u00fczenlenen hafta sonu kamp\u0131na [...]\" \/>\n<meta property=\"og:url\" content=\"https:\/\/ditib-chorweiler.de\/tr\/birlik-inanc-ve-gelecek-strazburg-genclik-kampi\/\" \/>\n<meta property=\"og:site_name\" content=\"DITIB K\u00f6ln Chorweiler Moschee\" \/>\n<meta property=\"article:published_time\" content=\"2026-04-27T21:13:49+00:00\" \/>\n<meta property=\"og:image\" content=\"https:\/\/ditib-chorweiler.de\/wp-content\/uploads\/2026\/04\/WhatsApp-Image-2026-04-27-at-13.01.42-1.jpeg\" \/>\n\t<meta property=\"og:image:width\" content=\"2000\" \/>\n\t<meta property=\"og:image:height\" content=\"1126\" \/>\n\t<meta property=\"og:image:type\" content=\"image\/jpeg\" \/>\n<meta name=\"author\" content=\"Sefa Incek\u00f6se\" \/>\n<meta name=\"twitter:card\" content=\"summary_large_image\" \/>\n<meta name=\"twitter:label1\" content=\"Yazan:\" \/>\n\t<meta name=\"twitter:data1\" content=\"Sefa Incek\u00f6se\" \/>\n<script type=\"application\/ld+json\" class=\"yoast-schema-graph\">{\"@context\":\"https:\\\/\\\/schema.org\",\"@graph\":[{\"@type\":\"Article\",\"@id\":\"https:\\\/\\\/ditib-chorweiler.de\\\/tr\\\/birlik-inanc-ve-gelecek-strazburg-genclik-kampi\\\/#article\",\"isPartOf\":{\"@id\":\"https:\\\/\\\/ditib-chorweiler.de\\\/tr\\\/birlik-inanc-ve-gelecek-strazburg-genclik-kampi\\\/\"},\"author\":{\"name\":\"Sefa Incek\u00f6se\",\"@id\":\"https:\\\/\\\/ditib-chorweiler.de\\\/#\\\/schema\\\/person\\\/e9b1630c0215f8034167dd7d6bbffcc3\"},\"headline\":\"Birlik, \u0130nan\u00e7 ve Gelecek \u2013 Strazburg Gen\u00e7lik Kamp\u0131\",\"datePublished\":\"2026-04-27T21:13:49+00:00\",\"mainEntityOfPage\":{\"@id\":\"https:\\\/\\\/ditib-chorweiler.de\\\/tr\\\/birlik-inanc-ve-gelecek-strazburg-genclik-kampi\\\/\"},\"wordCount\":260,\"image\":{\"@id\":\"https:\\\/\\\/ditib-chorweiler.de\\\/tr\\\/birlik-inanc-ve-gelecek-strazburg-genclik-kampi\\\/#primaryimage\"},\"thumbnailUrl\":\"https:\\\/\\\/ditib-chorweiler.de\\\/wp-content\\\/uploads\\\/2026\\\/04\\\/WhatsApp-Image-2026-04-27-at-13.01.42.jpeg\",\"articleSection\":[\"Gen\u00e7lik\"],\"inLanguage\":\"tr\"},{\"@type\":\"WebPage\",\"@id\":\"https:\\\/\\\/ditib-chorweiler.de\\\/tr\\\/birlik-inanc-ve-gelecek-strazburg-genclik-kampi\\\/\",\"url\":\"https:\\\/\\\/ditib-chorweiler.de\\\/tr\\\/birlik-inanc-ve-gelecek-strazburg-genclik-kampi\\\/\",\"name\":\"Birlik, \u0130nan\u00e7 ve Gelecek \u2013 Strazburg Gen\u00e7lik Kamp\u0131 - DITIB K\u00f6ln Chorweiler Moschee\",\"isPartOf\":{\"@id\":\"https:\\\/\\\/ditib-chorweiler.de\\\/#website\"},\"primaryImageOfPage\":{\"@id\":\"https:\\\/\\\/ditib-chorweiler.de\\\/tr\\\/birlik-inanc-ve-gelecek-strazburg-genclik-kampi\\\/#primaryimage\"},\"image\":{\"@id\":\"https:\\\/\\\/ditib-chorweiler.de\\\/tr\\\/birlik-inanc-ve-gelecek-strazburg-genclik-kampi\\\/#primaryimage\"},\"thumbnailUrl\":\"https:\\\/\\\/ditib-chorweiler.de\\\/wp-content\\\/uploads\\\/2026\\\/04\\\/WhatsApp-Image-2026-04-27-at-13.01.42.jpeg\",\"datePublished\":\"2026-04-27T21:13:49+00:00\",\"author\":{\"@id\":\"https:\\\/\\\/ditib-chorweiler.de\\\/#\\\/schema\\\/person\\\/e9b1630c0215f8034167dd7d6bbffcc3\"},\"breadcrumb\":{\"@id\":\"https:\\\/\\\/ditib-chorweiler.de\\\/tr\\\/birlik-inanc-ve-gelecek-strazburg-genclik-kampi\\\/#breadcrumb\"},\"inLanguage\":\"tr\",\"potentialAction\":[{\"@type\":\"ReadAction\",\"target\":[\"https:\\\/\\\/ditib-chorweiler.de\\\/tr\\\/birlik-inanc-ve-gelecek-strazburg-genclik-kampi\\\/\"]}]},{\"@type\":\"ImageObject\",\"inLanguage\":\"tr\",\"@id\":\"https:\\\/\\\/ditib-chorweiler.de\\\/tr\\\/birlik-inanc-ve-gelecek-strazburg-genclik-kampi\\\/#primaryimage\",\"url\":\"https:\\\/\\\/ditib-chorweiler.de\\\/wp-content\\\/uploads\\\/2026\\\/04\\\/WhatsApp-Image-2026-04-27-at-13.01.42.jpeg\",\"contentUrl\":\"https:\\\/\\\/ditib-chorweiler.de\\\/wp-content\\\/uploads\\\/2026\\\/04\\\/WhatsApp-Image-2026-04-27-at-13.01.42.jpeg\",\"width\":2000,\"height\":1126},{\"@type\":\"BreadcrumbList\",\"@id\":\"https:\\\/\\\/ditib-chorweiler.de\\\/tr\\\/birlik-inanc-ve-gelecek-strazburg-genclik-kampi\\\/#breadcrumb\",\"itemListElement\":[{\"@type\":\"ListItem\",\"position\":1,\"name\":\"Start\",\"item\":\"https:\\\/\\\/ditib-chorweiler.de\\\/\"},{\"@type\":\"ListItem\",\"position\":2,\"name\":\"Birlik, \u0130nan\u00e7 ve Gelecek \u2013 Strazburg Gen\u00e7lik Kamp\u0131\"}]},{\"@type\":\"WebSite\",\"@id\":\"https:\\\/\\\/ditib-chorweiler.de\\\/#website\",\"url\":\"https:\\\/\\\/ditib-chorweiler.de\\\/\",\"name\":\"DITIB K\u00f6ln Chorweiler Moschee\",\"description\":\"Ein Ort des Gebets, der Begegnung und der Gemeinschaft in K\u00f6ln-Chorweiler\",\"potentialAction\":[{\"@type\":\"SearchAction\",\"target\":{\"@type\":\"EntryPoint\",\"urlTemplate\":\"https:\\\/\\\/ditib-chorweiler.de\\\/?s={search_term_string}\"},\"query-input\":{\"@type\":\"PropertyValueSpecification\",\"valueRequired\":true,\"valueName\":\"search_term_string\"}}],\"inLanguage\":\"tr\"},{\"@type\":\"Person\",\"@id\":\"https:\\\/\\\/ditib-chorweiler.de\\\/#\\\/schema\\\/person\\\/e9b1630c0215f8034167dd7d6bbffcc3\",\"name\":\"Sefa Incek\u00f6se\",\"image\":{\"@type\":\"ImageObject\",\"inLanguage\":\"tr\",\"@id\":\"https:\\\/\\\/secure.gravatar.com\\\/avatar\\\/2f8b465ba22cba5b702796b4bdfdd31ee97680bb344c0c8e828f7c9baed88431?s=96&d=mm&r=g\",\"url\":\"https:\\\/\\\/secure.gravatar.com\\\/avatar\\\/2f8b465ba22cba5b702796b4bdfdd31ee97680bb344c0c8e828f7c9baed88431?s=96&d=mm&r=g\",\"contentUrl\":\"https:\\\/\\\/secure.gravatar.com\\\/avatar\\\/2f8b465ba22cba5b702796b4bdfdd31ee97680bb344c0c8e828f7c9baed88431?s=96&d=mm&r=g\",\"caption\":\"Sefa Incek\u00f6se\"},\"url\":\"https:\\\/\\\/ditib-chorweiler.de\\\/tr\\\/author\\\/sefa\\\/\"}]}<\/script>\n<!-- \/ Yoast SEO plugin. -->","yoast_head_json":{"title":"Birlik, \u0130nan\u00e7 ve Gelecek \u2013 Strazburg Gen\u00e7lik Kamp\u0131 - DITIB K\u00f6ln Chorweiler Moschee","robots":{"index":"index","follow":"follow","max-snippet":"max-snippet:-1","max-image-preview":"max-image-preview:large","max-video-preview":"max-video-preview:-1"},"canonical":"https:\/\/ditib-chorweiler.de\/tr\/birlik-inanc-ve-gelecek-strazburg-genclik-kampi\/","og_locale":"tr_TR","og_type":"article","og_title":"Birlik, \u0130nan\u00e7 ve Gelecek \u2013 Strazburg Gen\u00e7lik Kamp\u0131 - DITIB K\u00f6ln Chorweiler Moschee","og_description":"DITIB Chorweiler Camii Gen\u00e7lik Kolu, Strazburg\u2019da d\u00fczenlenen hafta sonu kamp\u0131na [...]","og_url":"https:\/\/ditib-chorweiler.de\/tr\/birlik-inanc-ve-gelecek-strazburg-genclik-kampi\/","og_site_name":"DITIB K\u00f6ln Chorweiler Moschee","article_published_time":"2026-04-27T21:13:49+00:00","og_image":[{"width":2000,"height":1126,"url":"https:\/\/ditib-chorweiler.de\/wp-content\/uploads\/2026\/04\/WhatsApp-Image-2026-04-27-at-13.01.42-1.jpeg","type":"image\/jpeg"}],"author":"Sefa Incek\u00f6se","twitter_card":"summary_large_image","twitter_misc":{"Yazan:":"Sefa Incek\u00f6se"},"schema":{"@context":"https:\/\/schema.org","@graph":[{"@type":"Article","@id":"https:\/\/ditib-chorweiler.de\/tr\/birlik-inanc-ve-gelecek-strazburg-genclik-kampi\/#article","isPartOf":{"@id":"https:\/\/ditib-chorweiler.de\/tr\/birlik-inanc-ve-gelecek-strazburg-genclik-kampi\/"},"author":{"name":"Sefa Incek\u00f6se","@id":"https:\/\/ditib-chorweiler.de\/#\/schema\/person\/e9b1630c0215f8034167dd7d6bbffcc3"},"headline":"Birlik, \u0130nan\u00e7 ve Gelecek \u2013 Strazburg Gen\u00e7lik Kamp\u0131","datePublished":"2026-04-27T21:13:49+00:00","mainEntityOfPage":{"@id":"https:\/\/ditib-chorweiler.de\/tr\/birlik-inanc-ve-gelecek-strazburg-genclik-kampi\/"},"wordCount":260,"image":{"@id":"https:\/\/ditib-chorweiler.de\/tr\/birlik-inanc-ve-gelecek-strazburg-genclik-kampi\/#primaryimage"},"thumbnailUrl":"https:\/\/ditib-chorweiler.de\/wp-content\/uploads\/2026\/04\/WhatsApp-Image-2026-04-27-at-13.01.42.jpeg","articleSection":["Gen\u00e7lik"],"inLanguage":"tr"},{"@type":"WebPage","@id":"https:\/\/ditib-chorweiler.de\/tr\/birlik-inanc-ve-gelecek-strazburg-genclik-kampi\/","url":"https:\/\/ditib-chorweiler.de\/tr\/birlik-inanc-ve-gelecek-strazburg-genclik-kampi\/","name":"Birlik, \u0130nan\u00e7 ve Gelecek \u2013 Strazburg Gen\u00e7lik Kamp\u0131 - DITIB K\u00f6ln Chorweiler Moschee","isPartOf":{"@id":"https:\/\/ditib-chorweiler.de\/#website"},"primaryImageOfPage":{"@id":"https:\/\/ditib-chorweiler.de\/tr\/birlik-inanc-ve-gelecek-strazburg-genclik-kampi\/#primaryimage"},"image":{"@id":"https:\/\/ditib-chorweiler.de\/tr\/birlik-inanc-ve-gelecek-strazburg-genclik-kampi\/#primaryimage"},"thumbnailUrl":"https:\/\/ditib-chorweiler.de\/wp-content\/uploads\/2026\/04\/WhatsApp-Image-2026-04-27-at-13.01.42.jpeg","datePublished":"2026-04-27T21:13:49+00:00","author":{"@id":"https:\/\/ditib-chorweiler.de\/#\/schema\/person\/e9b1630c0215f8034167dd7d6bbffcc3"},"breadcrumb":{"@id":"https:\/\/ditib-chorweiler.de\/tr\/birlik-inanc-ve-gelecek-strazburg-genclik-kampi\/#breadcrumb"},"inLanguage":"tr","potentialAction":[{"@type":"ReadAction","target":["https:\/\/ditib-chorweiler.de\/tr\/birlik-inanc-ve-gelecek-strazburg-genclik-kampi\/"]}]},{"@type":"ImageObject","inLanguage":"tr","@id":"https:\/\/ditib-chorweiler.de\/tr\/birlik-inanc-ve-gelecek-strazburg-genclik-kampi\/#primaryimage","url":"https:\/\/ditib-chorweiler.de\/wp-content\/uploads\/2026\/04\/WhatsApp-Image-2026-04-27-at-13.01.42.jpeg","contentUrl":"https:\/\/ditib-chorweiler.de\/wp-content\/uploads\/2026\/04\/WhatsApp-Image-2026-04-27-at-13.01.42.jpeg","width":2000,"height":1126},{"@type":"BreadcrumbList","@id":"https:\/\/ditib-chorweiler.de\/tr\/birlik-inanc-ve-gelecek-strazburg-genclik-kampi\/#breadcrumb","itemListElement":[{"@type":"ListItem","position":1,"name":"Start","item":"https:\/\/ditib-chorweiler.de\/"},{"@type":"ListItem","position":2,"name":"Birlik, \u0130nan\u00e7 ve Gelecek \u2013 Strazburg Gen\u00e7lik Kamp\u0131"}]},{"@type":"WebSite","@id":"https:\/\/ditib-chorweiler.de\/#website","url":"https:\/\/ditib-chorweiler.de\/","name":"DITIB K\u00f6ln Chorweiler Moschee","description":"Ein Ort des Gebets, der Begegnung und der Gemeinschaft in K\u00f6ln-Chorweiler","potentialAction":[{"@type":"SearchAction","target":{"@type":"EntryPoint","urlTemplate":"https:\/\/ditib-chorweiler.de\/?s={search_term_string}"},"query-input":{"@type":"PropertyValueSpecification","valueRequired":true,"valueName":"search_term_string"}}],"inLanguage":"tr"},{"@type":"Person","@id":"https:\/\/ditib-chorweiler.de\/#\/schema\/person\/e9b1630c0215f8034167dd7d6bbffcc3","name":"Sefa Incek\u00f6se","image":{"@type":"ImageObject","inLanguage":"tr","@id":"https:\/\/secure.gravatar.com\/avatar\/2f8b465ba22cba5b702796b4bdfdd31ee97680bb344c0c8e828f7c9baed88431?s=96&d=mm&r=g","url":"https:\/\/secure.gravatar.com\/avatar\/2f8b465ba22cba5b702796b4bdfdd31ee97680bb344c0c8e828f7c9baed88431?s=96&d=mm&r=g","contentUrl":"https:\/\/secure.gravatar.com\/avatar\/2f8b465ba22cba5b702796b4bdfdd31ee97680bb344c0c8e828f7c9baed88431?s=96&d=mm&r=g","caption":"Sefa Incek\u00f6se"},"url":"https:\/\/ditib-chorweiler.de\/tr\/author\/sefa\/"}]}},"_links":{"self":[{"href":"https:\/\/ditib-chorweiler.de\/tr\/wp-json\/wp\/v2\/posts\/13418","targetHints":{"allow":["GET"]}}],"collection":[{"href":"https:\/\/ditib-chorweiler.de\/tr\/wp-json\/wp\/v2\/posts"}],"about":[{"href":"https:\/\/ditib-chorweiler.de\/tr\/wp-json\/wp\/v2\/types\/post"}],"author":[{"embeddable":true,"href":"https:\/\/ditib-chorweiler.de\/tr\/wp-json\/wp\/v2\/users\/5"}],"replies":[{"embeddable":true,"href":"https:\/\/ditib-chorweiler.de\/tr\/wp-json\/wp\/v2\/comments?post=13418"}],"version-history":[{"count":1,"href":"https:\/\/ditib-chorweiler.de\/tr\/wp-json\/wp\/v2\/posts\/13418\/revisions"}],"predecessor-version":[{"id":13422,"href":"https:\/\/ditib-chorweiler.de\/tr\/wp-json\/wp\/v2\/posts\/13418\/revisions\/13422"}],"wp:featuredmedia":[{"embeddable":true,"href":"https:\/\/ditib-chorweiler.de\/tr\/wp-json\/wp\/v2\/media\/13414"}],"wp:attachment":[{"href":"https:\/\/ditib-chorweiler.de\/tr\/wp-json\/wp\/v2\/media?parent=13418"}],"wp:term":[{"taxonomy":"category","embeddable":true,"href":"https:\/\/ditib-chorweiler.de\/tr\/wp-json\/wp\/v2\/categories?post=13418"},{"taxonomy":"post_tag","embeddable":true,"href":"https:\/\/ditib-chorweiler.de\/tr\/wp-json\/wp\/v2\/tags?post=13418"}],"curies":[{"name":"wp","href":"https:\/\/api.w.org\/{rel}","templated":true}]}}